{"id":8582,"date":"2023-07-15T10:53:18","date_gmt":"2023-07-15T09:53:18","guid":{"rendered":"https:\/\/ecole-stjoseph-saffre.fr\/?p=8582"},"modified":"2024-03-02T10:42:04","modified_gmt":"2024-03-02T09:42:04","slug":"semaine-des-maths-2023","status":"publish","type":"post","link":"https:\/\/ecole-stjoseph-saffre.fr\/?p=8582","title":{"rendered":"Semaine des maths 2023"},"content":{"rendered":"<p>Du 6 au 10 mars, nous avons particip\u00e9 \u00e0 la semaine des maths.<\/p>\n<p>Au programme r\u00e9solution de d\u00e9fis pour aller dans l&#8217;espace et r\u00e9parer l&#8217;ISS, la station spatiale internationale&#8230;<\/p>\n<p>Chercher en bin\u00f4me, raisonner et partager les solutions trouv\u00e9es\u2026<\/p>\n<p>Nous avons r\u00e9ussi tous les tests pour permettre \u00e0 Mat et Matica d&#8217;accomplir cette mission.<\/p>\n<p>Nous avons beaucoup aim\u00e9 travailler les maths de cette fa\u00e7on.<\/p>\nngg_shortcode_0_placeholder\n","protected":false},"excerpt":{"rendered":"<p>Du 6 au 10 mars, nous avons particip\u00e9 \u00e0 la semaine des maths. Au programme r\u00e9solution de d\u00e9fis pour aller dans l&#8217;espace et r\u00e9parer l&#8217;ISS, la station spatiale internationale&#8230; Chercher en bin\u00f4me, raisonner et partager les solutions trouv\u00e9es\u2026 Nous avons r\u00e9ussi tous les tests pour permettre \u00e0 Mat et Matica d&#8217;accomplir cette mission. Nous avons&hellip; <br \/> <a class=\"read-more\" href=\"https:\/\/ecole-stjoseph-saffre.fr\/?p=8582\">Lire la suite<\/a><\/p>\n","protected":false},"author":7,"featured_media":8960,"comment_status":"closed","ping_status":"closed","sticky":false,"template":"","format":"standard","meta":{"ngg_post_thumbnail":0,"footnotes":""},"categories":[5],"tags":[],"_links":{"self":[{"href":"https:\/\/ecole-stjoseph-saffre.fr\/index.php?rest_route=\/wp\/v2\/posts\/8582"}],"collection":[{"href":"https:\/\/ecole-stjoseph-saffre.fr\/index.php?rest_route=\/wp\/v2\/posts"}],"about":[{"href":"https:\/\/ecole-stjoseph-saffre.fr\/index.php?rest_route=\/wp\/v2\/types\/post"}],"author":[{"embeddable":true,"href":"https:\/\/ecole-stjoseph-saffre.fr\/index.php?rest_route=\/wp\/v2\/users\/7"}],"replies":[{"embeddable":true,"href":"https:\/\/ecole-stjoseph-saffre.fr\/index.php?rest_route=%2Fwp%2Fv2%2Fcomments&post=8582"}],"version-history":[{"count":3,"href":"https:\/\/ecole-stjoseph-saffre.fr\/index.php?rest_route=\/wp\/v2\/posts\/8582\/revisions"}],"predecessor-version":[{"id":8886,"href":"https:\/\/ecole-stjoseph-saffre.fr\/index.php?rest_route=\/wp\/v2\/posts\/8582\/revisions\/8886"}],"wp:featuredmedia":[{"embeddable":true,"href":"https:\/\/ecole-stjoseph-saffre.fr\/index.php?rest_route=\/wp\/v2\/media\/8960"}],"wp:attachment":[{"href":"https:\/\/ecole-stjoseph-saffre.fr\/index.php?rest_route=%2Fwp%2Fv2%2Fmedia&parent=8582"}],"wp:term":[{"taxonomy":"category","embeddable":true,"href":"https:\/\/ecole-stjoseph-saffre.fr\/index.php?rest_route=%2Fwp%2Fv2%2Fcategories&post=8582"},{"taxonomy":"post_tag","embeddable":true,"href":"https:\/\/ecole-stjoseph-saffre.fr\/index.php?rest_route=%2Fwp%2Fv2%2Ftags&post=8582"}],"curies":[{"name":"wp","href":"https:\/\/api.w.org\/{rel}","templated":true}]}}