{"id":8587,"date":"2023-08-31T11:52:06","date_gmt":"2023-08-31T10:52:06","guid":{"rendered":"https:\/\/ecole-stjoseph-saffre.fr\/?p=8587"},"modified":"2024-03-02T10:39:50","modified_gmt":"2024-03-02T09:39:50","slug":"sortie-en-foret-du-gavre","status":"publish","type":"post","link":"https:\/\/ecole-stjoseph-saffre.fr\/?p=8587","title":{"rendered":"Sortie en For\u00eat du G\u00e2vre"},"content":{"rendered":"<p>Le 09 mars, nous nous sommes rendus en car \u00e0 la For\u00eat du G\u00e2vre.<br \/>\nMaxime l&#8217;intervenant nous a accueilli sous les gouttes.<br \/>\nNous avons d\u00e9couvert la for\u00eat, appris \u00e0 reconnaitre les diff\u00e9rentes esp\u00e8ces d&#8217;arbres (feuillus et r\u00e9sineux)<\/p>\n<p>Pour le pique-nique, nous sommes all\u00e9s dans la salle au-dessus de la Mairie, o\u00f9 nous avons pu nous s\u00e9cher un peu.<\/p>\n<p>L&#8217;apr\u00e8s-midi, nous sommes retourn\u00e9s dans la for\u00eat pour r\u00e9aliser diff\u00e9rents ateliers (land art, croquis, atelier sensoriel&#8230;)<\/p>\nngg_shortcode_0_placeholder\n","protected":false},"excerpt":{"rendered":"<p>Le 09 mars, nous nous sommes rendus en car \u00e0 la For\u00eat du G\u00e2vre. Maxime l&#8217;intervenant nous a accueilli sous les gouttes. Nous avons d\u00e9couvert la for\u00eat, appris \u00e0 reconnaitre les diff\u00e9rentes esp\u00e8ces d&#8217;arbres (feuillus et r\u00e9sineux) Pour le pique-nique, nous sommes all\u00e9s dans la salle au-dessus de la Mairie, o\u00f9 nous avons pu nous&hellip; <br \/> <a class=\"read-more\" href=\"https:\/\/ecole-stjoseph-saffre.fr\/?p=8587\">Lire la suite<\/a><\/p>\n","protected":false},"author":7,"featured_media":8959,"comment_status":"closed","ping_status":"closed","sticky":false,"template":"","format":"standard","meta":{"ngg_post_thumbnail":0,"footnotes":""},"categories":[5,1],"tags":[55],"_links":{"self":[{"href":"https:\/\/ecole-stjoseph-saffre.fr\/index.php?rest_route=\/wp\/v2\/posts\/8587"}],"collection":[{"href":"https:\/\/ecole-stjoseph-saffre.fr\/index.php?rest_route=\/wp\/v2\/posts"}],"about":[{"href":"https:\/\/ecole-stjoseph-saffre.fr\/index.php?rest_route=\/wp\/v2\/types\/post"}],"author":[{"embeddable":true,"href":"https:\/\/ecole-stjoseph-saffre.fr\/index.php?rest_route=\/wp\/v2\/users\/7"}],"replies":[{"embeddable":true,"href":"https:\/\/ecole-stjoseph-saffre.fr\/index.php?rest_route=%2Fwp%2Fv2%2Fcomments&post=8587"}],"version-history":[{"count":2,"href":"https:\/\/ecole-stjoseph-saffre.fr\/index.php?rest_route=\/wp\/v2\/posts\/8587\/revisions"}],"predecessor-version":[{"id":8885,"href":"https:\/\/ecole-stjoseph-saffre.fr\/index.php?rest_route=\/wp\/v2\/posts\/8587\/revisions\/8885"}],"wp:featuredmedia":[{"embeddable":true,"href":"https:\/\/ecole-stjoseph-saffre.fr\/index.php?rest_route=\/wp\/v2\/media\/8959"}],"wp:attachment":[{"href":"https:\/\/ecole-stjoseph-saffre.fr\/index.php?rest_route=%2Fwp%2Fv2%2Fmedia&parent=8587"}],"wp:term":[{"taxonomy":"category","embeddable":true,"href":"https:\/\/ecole-stjoseph-saffre.fr\/index.php?rest_route=%2Fwp%2Fv2%2Fcategories&post=8587"},{"taxonomy":"post_tag","embeddable":true,"href":"https:\/\/ecole-stjoseph-saffre.fr\/index.php?rest_route=%2Fwp%2Fv2%2Ftags&post=8587"}],"curies":[{"name":"wp","href":"https:\/\/api.w.org\/{rel}","templated":true}]}}