{"id":9226,"date":"2025-05-22T07:01:44","date_gmt":"2025-05-22T06:01:44","guid":{"rendered":"https:\/\/ecole-stjoseph-saffre.fr\/?p=9226"},"modified":"2025-05-22T07:01:44","modified_gmt":"2025-05-22T06:01:44","slug":"brocante-ogec-septembre-2025","status":"publish","type":"post","link":"https:\/\/ecole-stjoseph-saffre.fr\/?p=9226","title":{"rendered":"Brocante OGEC Septembre 2025"},"content":{"rendered":"<h1>Le dimanche 28 septembre 2025<\/h1>\n<p>L\u2019OGEC vous attends de 9H00 \u00e0 18H00 au Ch\u00e2teau de Saffr\u00e9 pour&nbsp; son vide grenier annuel.<br \/>\nCette manifestation est ouverte aux particuliers et aux professionnels.<br \/>\nLe d\u00e9ballage sur place se fera \u00e0 partir de 7H00 pour les exposants.<br \/>\nSur place, en plus des stands, vous trouverez une petite restauration et buvette.<br \/>\nL\u2019entr\u00e9e des visiteurs est gratuite, pour les exposants, le m\u00e8tre lin\u00e9aire est \u00e0 2,50 \u20ac (v\u00e9hicule = minimum 5 m\u00e8tre).<\/p>\n<p>Renseignements et inscriptions :<br \/>\nTel : 06.51.66.47.60<\/p>\n<p>Bulletin t\u00e9l\u00e9chargeable ci-dessous (2 pages)<\/p>\n<a href=\"https:\/\/ecole-stjoseph-saffre.fr\/wp-content\/uploads\/2025\/05\/inscription-vide-grenier-particulier-2025.pdf\" class=\"pdfemb-viewer\" style=\"\" data-width=\"max\" data-height=\"max\" data-toolbar=\"bottom\" data-toolbar-fixed=\"off\">inscription vide grenier particulier 2025<\/a>\n","protected":false},"excerpt":{"rendered":"<p>Le dimanche 28 septembre 2025 L\u2019OGEC vous attends de 9H00 \u00e0 18H00 au Ch\u00e2teau de Saffr\u00e9 pour&nbsp; son vide grenier annuel. Cette manifestation est ouverte aux particuliers et aux professionnels. Le d\u00e9ballage sur place se fera \u00e0 partir de 7H00 pour les exposants. Sur place, en plus des stands, vous trouverez une petite restauration et&hellip; <br \/> <a class=\"read-more\" href=\"https:\/\/ecole-stjoseph-saffre.fr\/?p=9226\">Lire la suite<\/a><\/p>\n","protected":false},"author":10,"featured_media":9228,"comment_status":"closed","ping_status":"closed","sticky":false,"template":"","format":"standard","meta":{"ngg_post_thumbnail":0,"footnotes":""},"categories":[13],"tags":[81,62,105,54],"_links":{"self":[{"href":"https:\/\/ecole-stjoseph-saffre.fr\/index.php?rest_route=\/wp\/v2\/posts\/9226"}],"collection":[{"href":"https:\/\/ecole-stjoseph-saffre.fr\/index.php?rest_route=\/wp\/v2\/posts"}],"about":[{"href":"https:\/\/ecole-stjoseph-saffre.fr\/index.php?rest_route=\/wp\/v2\/types\/post"}],"author":[{"embeddable":true,"href":"https:\/\/ecole-stjoseph-saffre.fr\/index.php?rest_route=\/wp\/v2\/users\/10"}],"replies":[{"embeddable":true,"href":"https:\/\/ecole-stjoseph-saffre.fr\/index.php?rest_route=%2Fwp%2Fv2%2Fcomments&post=9226"}],"version-history":[{"count":2,"href":"https:\/\/ecole-stjoseph-saffre.fr\/index.php?rest_route=\/wp\/v2\/posts\/9226\/revisions"}],"predecessor-version":[{"id":9231,"href":"https:\/\/ecole-stjoseph-saffre.fr\/index.php?rest_route=\/wp\/v2\/posts\/9226\/revisions\/9231"}],"wp:featuredmedia":[{"embeddable":true,"href":"https:\/\/ecole-stjoseph-saffre.fr\/index.php?rest_route=\/wp\/v2\/media\/9228"}],"wp:attachment":[{"href":"https:\/\/ecole-stjoseph-saffre.fr\/index.php?rest_route=%2Fwp%2Fv2%2Fmedia&parent=9226"}],"wp:term":[{"taxonomy":"category","embeddable":true,"href":"https:\/\/ecole-stjoseph-saffre.fr\/index.php?rest_route=%2Fwp%2Fv2%2Fcategories&post=9226"},{"taxonomy":"post_tag","embeddable":true,"href":"https:\/\/ecole-stjoseph-saffre.fr\/index.php?rest_route=%2Fwp%2Fv2%2Ftags&post=9226"}],"curies":[{"name":"wp","href":"https:\/\/api.w.org\/{rel}","templated":true}]}}