{"id":946,"date":"2015-09-18T17:48:24","date_gmt":"2015-09-18T16:48:24","guid":{"rendered":"https:\/\/ecole-stjoseph-saffre.fr\/?p=946"},"modified":"2015-09-18T17:58:02","modified_gmt":"2015-09-18T16:58:02","slug":"oeuvre-de-la-semaine","status":"publish","type":"post","link":"https:\/\/ecole-stjoseph-saffre.fr\/?p=946","title":{"rendered":"Oeuvre de la semaine"},"content":{"rendered":"<p style=\"text-align: center\">Le th\u00e8me de cette semaine: une sculpture d&#8217;Auguste Rodin<br \/>\nVoici l\u2019\u0153uvre pr\u00e9f\u00e9r\u00e9e de la classe:<br \/>\n<a href=\"https:\/\/ecole-stjoseph-saffre.fr\/wp-content\/uploads\/2015\/09\/Rodin.jpg\"><img loading=\"lazy\" decoding=\"async\" class=\"aligncenter size-medium wp-image-1000\" src=\"https:\/\/ecole-stjoseph-saffre.fr\/wp-content\/uploads\/2015\/09\/Rodin-199x300.jpg\" alt=\"Rodin\" width=\"199\" height=\"300\" srcset=\"https:\/\/ecole-stjoseph-saffre.fr\/wp-content\/uploads\/2015\/09\/Rodin-199x300.jpg 199w, https:\/\/ecole-stjoseph-saffre.fr\/wp-content\/uploads\/2015\/09\/Rodin.jpg 355w\" sizes=\"(max-width: 199px) 100vw, 199px\" \/><\/a><br \/>\nle Baiser<\/p>\n","protected":false},"excerpt":{"rendered":"<p>Le th\u00e8me de cette semaine: une sculpture d&#8217;Auguste Rodin Voici l\u2019\u0153uvre pr\u00e9f\u00e9r\u00e9e de la classe: le Baiser<\/p>\n","protected":false},"author":7,"featured_media":0,"comment_status":"closed","ping_status":"closed","sticky":false,"template":"","format":"standard","meta":{"ngg_post_thumbnail":0,"footnotes":""},"categories":[5],"tags":[],"_links":{"self":[{"href":"https:\/\/ecole-stjoseph-saffre.fr\/index.php?rest_route=\/wp\/v2\/posts\/946"}],"collection":[{"href":"https:\/\/ecole-stjoseph-saffre.fr\/index.php?rest_route=\/wp\/v2\/posts"}],"about":[{"href":"https:\/\/ecole-stjoseph-saffre.fr\/index.php?rest_route=\/wp\/v2\/types\/post"}],"author":[{"embeddable":true,"href":"https:\/\/ecole-stjoseph-saffre.fr\/index.php?rest_route=\/wp\/v2\/users\/7"}],"replies":[{"embeddable":true,"href":"https:\/\/ecole-stjoseph-saffre.fr\/index.php?rest_route=%2Fwp%2Fv2%2Fcomments&post=946"}],"version-history":[{"count":0,"href":"https:\/\/ecole-stjoseph-saffre.fr\/index.php?rest_route=\/wp\/v2\/posts\/946\/revisions"}],"wp:attachment":[{"href":"https:\/\/ecole-stjoseph-saffre.fr\/index.php?rest_route=%2Fwp%2Fv2%2Fmedia&parent=946"}],"wp:term":[{"taxonomy":"category","embeddable":true,"href":"https:\/\/ecole-stjoseph-saffre.fr\/index.php?rest_route=%2Fwp%2Fv2%2Fcategories&post=946"},{"taxonomy":"post_tag","embeddable":true,"href":"https:\/\/ecole-stjoseph-saffre.fr\/index.php?rest_route=%2Fwp%2Fv2%2Ftags&post=946"}],"curies":[{"name":"wp","href":"https:\/\/api.w.org\/{rel}","templated":true}]}}